{"id":2290,"date":"2025-10-22T13:01:23","date_gmt":"2025-10-22T13:01:23","guid":{"rendered":"https:\/\/smwtarka.pl\/?p=2290"},"modified":"2025-10-22T13:01:23","modified_gmt":"2025-10-22T13:01:23","slug":"walne-zebranie-5","status":"publish","type":"post","link":"https:\/\/smwtarka.pl\/?p=2290","title":{"rendered":"Walne Zebranie"},"content":{"rendered":"<div class=\"entry-content\">\n<div class=\"entry-content\">\n<div>\n<div class=\"\" dir=\"auto\">\n<div id=\":rac:\" class=\"x1iorvi4 x1pi30zi x1swvt13 xjkvuk6\" data-ad-comet-preview=\"message\" data-ad-preview=\"message\">\n<div class=\"x78zum5 xdt5ytf xz62fqu x16ldp7u\">\n<div class=\"xu06os2 x1ok221b\">\n<div class=\"xdj266r x11i5rnm xat24cr x1mh8g0r x1vvkbs x126k92a\">\n<div dir=\"auto\">Zarz\u0105d SMW Tarka informuj\u0119, \u017ce 9 listopada o godzinie 9:00 w ATElier Kultury w Jeleniu ul. Wiosny Lud\u00f3w 1, odb\u0119dzie si\u0119&nbsp; Walne Zebranie&nbsp; Cz\u0142onk\u00f3w Stowarzyszenia SMW Tarka.<\/div>\n<\/div>\n<div class=\"x11i5rnm xat24cr x1mh8g0r x1vvkbs xtlvy1s x126k92a\">\n<div dir=\"auto\">W przypadku braku kworum drugi termin godzina 9:15.<\/div>\n<div dir=\"auto\">Na czas zebrania stawy zamkni\u0119te s\u0105 do w\u0119dkowania.<\/div>\n<\/div>\n<div class=\"x11i5rnm xat24cr x1mh8g0r x1vvkbs xtlvy1s x126k92a\">\n<div dir=\"auto\">Zapraszamy do licznego udzia\u0142u.<\/div>\n<\/div>\n<\/div>\n<\/div>\n<\/div>\n<\/div>\n<\/div>\n<\/div>\n<\/div>\n","protected":false},"excerpt":{"rendered":"<p>Zarz\u0105d SMW Tarka informuj\u0119, \u017ce 9 listopada o godzinie 9:00 w ATElier Kultury w Jeleniu ul. Wiosny Lud\u00f3w 1, odb\u0119dzie si\u0119&nbsp; Walne Zebranie&nbsp; Cz\u0142onk\u00f3w Stowarzyszenia SMW Tarka. W przypadku braku kworum drugi termin godzina 9:15. Na czas zebrania stawy zamkni\u0119te s\u0105 do w\u0119dkowania. Zapraszamy do licznego udzia\u0142u.<\/p>\n","protected":false},"author":1,"featured_media":0,"comment_status":"closed","ping_status":"closed","sticky":false,"template":"","format":"standard","meta":{"ngg_post_thumbnail":0,"footnotes":""},"categories":[5],"tags":[],"class_list":["post-2290","post","type-post","status-publish","format-standard","hentry","category-zarzad-informuje"],"_links":{"self":[{"href":"https:\/\/smwtarka.pl\/index.php?rest_route=\/wp\/v2\/posts\/2290","targetHints":{"allow":["GET"]}}],"collection":[{"href":"https:\/\/smwtarka.pl\/index.php?rest_route=\/wp\/v2\/posts"}],"about":[{"href":"https:\/\/smwtarka.pl\/index.php?rest_route=\/wp\/v2\/types\/post"}],"author":[{"embeddable":true,"href":"https:\/\/smwtarka.pl\/index.php?rest_route=\/wp\/v2\/users\/1"}],"replies":[{"embeddable":true,"href":"https:\/\/smwtarka.pl\/index.php?rest_route=%2Fwp%2Fv2%2Fcomments&post=2290"}],"version-history":[{"count":1,"href":"https:\/\/smwtarka.pl\/index.php?rest_route=\/wp\/v2\/posts\/2290\/revisions"}],"predecessor-version":[{"id":2291,"href":"https:\/\/smwtarka.pl\/index.php?rest_route=\/wp\/v2\/posts\/2290\/revisions\/2291"}],"wp:attachment":[{"href":"https:\/\/smwtarka.pl\/index.php?rest_route=%2Fwp%2Fv2%2Fmedia&parent=2290"}],"wp:term":[{"taxonomy":"category","embeddable":true,"href":"https:\/\/smwtarka.pl\/index.php?rest_route=%2Fwp%2Fv2%2Fcategories&post=2290"},{"taxonomy":"post_tag","embeddable":true,"href":"https:\/\/smwtarka.pl\/index.php?rest_route=%2Fwp%2Fv2%2Ftags&post=2290"}],"curies":[{"name":"wp","href":"https:\/\/api.w.org\/{rel}","templated":true}]}}